{"id":1110,"date":"2025-12-04T08:54:41","date_gmt":"2025-12-04T08:54:41","guid":{"rendered":"https:\/\/test.iktyos.se\/?p=1110"},"modified":"2025-12-12T10:08:52","modified_gmt":"2025-12-12T10:08:52","slug":"varmt-valkommen-till-den-nationella-digitala-foraldragruppen","status":"publish","type":"post","link":"https:\/\/iktyos.se\/?p=1110","title":{"rendered":"Varmt v\u00e4lkommen till den nationella digitala f\u00f6r\u00e4ldragruppen"},"content":{"rendered":"\n<p>Varmt v\u00e4lkommen till den nationella digitala f\u00f6r\u00e4ldragruppen f\u00f6r f\u00f6r\u00e4ldrar som har barn med ett s\u00e4llsynt h\u00e4lsotillst\u00e5nd.<\/p>\n\n\n\n<p><strong><a href=\"https:\/\/snaph.se\/\" target=\"_blank\" rel=\"noreferrer noopener\">SNAPH.SE<\/a><\/strong><\/p>\n\n\n\n<p><strong>Centrum F\u00f6r s\u00e4llsynta diagnoser (CSD)<\/strong> i Samverkan med Sveriges kommunala anh\u00f6rigsn\u00e4tverk (SKA) och Nka st\u00e5r bakom detta initiativ.<\/p>\n\n\n\n<p>Har du ett barn med ett s\u00e4llsynt h\u00e4lsotillst\u00e5nd under 18 \u00e5r och \u00f6nskar tr\u00e4ffa andra i liknande situation \u00e4r du varmt v\u00e4lkommen att anm\u00e4la dig. F\u00f6r\u00e4ldragruppen \u00e4r ett tillf\u00e4lle f\u00f6r dig att ta upp fr\u00e5gor och reflektera tillsammans med andra f\u00f6r\u00e4ldrar i liknande situation.<\/p>\n\n\n\n<p>Datum och tider under v\u00e5ren 2026:<\/p>\n\n\n\n<p>Varje tillf\u00e4lle kl.13-15<\/p>\n\n\n\n<p>11, 25 mars<\/p>\n\n\n\n<p>8, 22 april<\/p>\n\n\n\n<p>6, 20 maj<\/p>\n","protected":false},"excerpt":{"rendered":"<p>Varmt v\u00e4lkommen till den nationella digitala f\u00f6r\u00e4ldragruppen f\u00f6r f\u00f6r\u00e4ldrar som har barn med ett s\u00e4llsynt h\u00e4lsotillst\u00e5nd. SNAPH.SE Centrum F\u00f6r s\u00e4llsynta diagnoser (CSD) i Samverkan med Sveriges kommunala anh\u00f6rigsn\u00e4tverk (SKA) och Nka st\u00e5r bakom detta initiativ. Har du ett barn med <span class=\"excerpt-dots\">&hellip;<\/span> <a class=\"more-link\" href=\"https:\/\/iktyos.se\/?p=1110\"><span class=\"more-msg\">L\u00e4s mer &rarr;<\/span><\/a><\/p>\n","protected":false},"author":1,"featured_media":0,"comment_status":"closed","ping_status":"open","sticky":false,"template":"","format":"standard","meta":{"_uag_custom_page_level_css":"","footnotes":""},"categories":[32],"tags":[30],"class_list":["post-1110","post","type-post","status-publish","format-standard","hentry","category-centrum-for-sallsynta-diagnoser","tag-snaph"],"uagb_featured_image_src":{"full":false,"thumbnail":false,"medium":false,"medium_large":false,"large":false,"1536x1536":false,"2048x2048":false},"uagb_author_info":{"display_name":"Iktyosf\u00f6reningen","author_link":"https:\/\/iktyos.se\/?author=1"},"uagb_comment_info":0,"uagb_excerpt":"Varmt v\u00e4lkommen till den nationella digitala f\u00f6r\u00e4ldragruppen f\u00f6r f\u00f6r\u00e4ldrar som har barn med ett s\u00e4llsynt h\u00e4lsotillst\u00e5nd. SNAPH.SE Centrum F\u00f6r s\u00e4llsynta diagnoser (CSD) i Samverkan med Sveriges kommunala anh\u00f6rigsn\u00e4tverk (SKA) och Nka st\u00e5r bakom detta initiativ. Har du ett barn med &hellip; L\u00e4s mer &rarr;","_links":{"self":[{"href":"https:\/\/iktyos.se\/index.php?rest_route=\/wp\/v2\/posts\/1110","targetHints":{"allow":["GET"]}}],"collection":[{"href":"https:\/\/iktyos.se\/index.php?rest_route=\/wp\/v2\/posts"}],"about":[{"href":"https:\/\/iktyos.se\/index.php?rest_route=\/wp\/v2\/types\/post"}],"author":[{"embeddable":true,"href":"https:\/\/iktyos.se\/index.php?rest_route=\/wp\/v2\/users\/1"}],"replies":[{"embeddable":true,"href":"https:\/\/iktyos.se\/index.php?rest_route=%2Fwp%2Fv2%2Fcomments&post=1110"}],"version-history":[{"count":1,"href":"https:\/\/iktyos.se\/index.php?rest_route=\/wp\/v2\/posts\/1110\/revisions"}],"predecessor-version":[{"id":1111,"href":"https:\/\/iktyos.se\/index.php?rest_route=\/wp\/v2\/posts\/1110\/revisions\/1111"}],"wp:attachment":[{"href":"https:\/\/iktyos.se\/index.php?rest_route=%2Fwp%2Fv2%2Fmedia&parent=1110"}],"wp:term":[{"taxonomy":"category","embeddable":true,"href":"https:\/\/iktyos.se\/index.php?rest_route=%2Fwp%2Fv2%2Fcategories&post=1110"},{"taxonomy":"post_tag","embeddable":true,"href":"https:\/\/iktyos.se\/index.php?rest_route=%2Fwp%2Fv2%2Ftags&post=1110"}],"curies":[{"name":"wp","href":"https:\/\/api.w.org\/{rel}","templated":true}]}}