{"id":1780,"global_id":"iktyos.se?id=1780","global_id_lineage":["iktyos.se?id=1780"],"author":"1","status":"publish","date":"2026-01-15 10:20:10","date_utc":"2026-01-15 10:20:10","modified":"2026-01-15 10:23:19","modified_utc":"2026-01-15 10:23:19","url":"https:\/\/iktyos.se\/?tribe_events=valkomna-till-nationell-sallsynt-foraldragrupp-2","rest_url":"https:\/\/iktyos.se\/index.php?rest_route=\/tribe\/events\/v1\/events\/1780","title":"V\u00e4lkomna till nationell s\u00e4llsynt f\u00f6r\u00e4ldragrupp","description":"<h3 style=\"text-align: center;\">Varmt v\u00e4lkommen till den nationella digitala f\u00f6r\u00e4ldragruppen f\u00f6r f\u00f6r\u00e4ldrar som har barn med ett s\u00e4llsynt h\u00e4lsotillst\u00e5nd.<\/h3>\n<p style=\"text-align: center;\"><strong><a href=\"https:\/\/snaph.se\/\" target=\"_blank\" rel=\"noopener\">SNAPH.SE<\/a><\/strong><\/p>\n<p><strong>Centrum F\u00f6r s\u00e4llsynta diagnoser (CSD)<\/strong> i Samverkan med Sveriges kommunala anh\u00f6rigsn\u00e4tverk (SKA) och Nka st\u00e5r bakom detta initiativ.<\/p>\n<p>Har du ett barn med ett s\u00e4llsynt h\u00e4lsotillst\u00e5nd under 18 \u00e5r och \u00f6nskar tr\u00e4ffa andra i liknande situation \u00e4r du varmt v\u00e4lkommen att anm\u00e4la dig. F\u00f6r\u00e4ldragruppen \u00e4r ett tillf\u00e4lle f\u00f6r dig att ta upp fr\u00e5gor och reflektera tillsammans med andra f\u00f6r\u00e4ldrar i liknande situation.<\/p>\n<p style=\"text-align: center;\">Datum och tider under v\u00e5ren 2026:<\/p>\n<p style=\"text-align: center;\">Varje tillf\u00e4lle kl.13-15<\/p>\n<p style=\"text-align: center;\">11, 25 mars<\/p>\n<p style=\"text-align: center;\">8, 22 april<\/p>\n<p style=\"text-align: center;\">6, 20 maj<\/p>","excerpt":"<a class=\"more-link\" href=\"\"><span class=\"more-msg\">L\u00e4s mer &rarr;<\/span><\/a>","slug":"valkomna-till-nationell-sallsynt-foraldragrupp-2","image":false,"all_day":false,"start_date":"2026-03-25 13:00:00","start_date_details":{"year":"2026","month":"03","day":"25","hour":"13","minutes":"00","seconds":"00"},"end_date":"2026-03-25 15:00:00","end_date_details":{"year":"2026","month":"03","day":"25","hour":"15","minutes":"00","seconds":"00"},"utc_start_date":"2026-03-25 13:00:00","utc_start_date_details":{"year":"2026","month":"03","day":"25","hour":"13","minutes":"00","seconds":"00"},"utc_end_date":"2026-03-25 15:00:00","utc_end_date_details":{"year":"2026","month":"03","day":"25","hour":"15","minutes":"00","seconds":"00"},"timezone":"UTC+0","timezone_abbr":"UTC+0","cost":"","cost_details":{"currency_symbol":"kr","currency_code":"SEK","currency_position":"prefix","values":[]},"website":"","show_map":false,"show_map_link":false,"hide_from_listings":false,"sticky":false,"featured":false,"categories":[{"name":"Centrum f\u00f6r s\u00e4llsynta diagnoser","slug":"centrum-for-sallsynta-diagnoser","term_group":0,"term_taxonomy_id":22,"taxonomy":"tribe_events_cat","description":"","parent":0,"count":10,"filter":"raw","id":22,"urls":{"self":"https:\/\/iktyos.se\/index.php?rest_route=\/tribe\/events\/v1\/categories\/22","collection":"https:\/\/iktyos.se\/index.php?rest_route=\/tribe\/events\/v1\/categories"}},{"name":"Stockholms N\u00e4tverk Aktion Psykiskh\u00e4lsa","slug":"stockholms-natverk-aktion-psykiskhals","term_group":0,"term_taxonomy_id":29,"taxonomy":"tribe_events_cat","description":"","parent":0,"count":6,"filter":"raw","id":29,"urls":{"self":"https:\/\/iktyos.se\/index.php?rest_route=\/tribe\/events\/v1\/categories\/29","collection":"https:\/\/iktyos.se\/index.php?rest_route=\/tribe\/events\/v1\/categories"}}],"tags":[{"name":"Nationell f\u00f6r\u00e4ldragrupp","slug":"nationell-foraldragrupp","term_group":0,"term_taxonomy_id":31,"taxonomy":"post_tag","description":"","parent":0,"count":6,"filter":"raw","id":31,"urls":{"self":"https:\/\/iktyos.se\/index.php?rest_route=\/tribe\/events\/v1\/tags\/31","collection":"https:\/\/iktyos.se\/index.php?rest_route=\/tribe\/events\/v1\/tags"}},{"name":"SNAPH","slug":"snaph","term_group":0,"term_taxonomy_id":30,"taxonomy":"post_tag","description":"","parent":0,"count":7,"filter":"raw","id":30,"urls":{"self":"https:\/\/iktyos.se\/index.php?rest_route=\/tribe\/events\/v1\/tags\/30","collection":"https:\/\/iktyos.se\/index.php?rest_route=\/tribe\/events\/v1\/tags"}}],"venue":[],"organizer":[{"id":1108,"author":"1","status":"publish","date":"2025-12-04 08:48:36","date_utc":"2025-12-04 08:48:36","modified":"2025-12-11 00:04:47","modified_utc":"2025-12-11 00:04:47","url":"https:\/\/iktyos.se\/?tribe_organizer=centrum-for-sallsynta-diagnoser-csd","organizer":"Centrum f\u00f6r s\u00e4llsynta diagnoser (CSD)","excerpt":"<a class=\"more-link\" href=\"\"><span class=\"more-msg\">L\u00e4s mer &rarr;<\/span><\/a>","slug":"centrum-for-sallsynta-diagnoser-csd","image":{"url":"https:\/\/iktyos.se\/wp-content\/uploads\/2025\/12\/CSD-Regioner.webp","id":1466,"extension":"webp","width":956,"height":541,"filesize":8112,"sizes":{"medium":{"width":300,"height":170,"mime-type":"image\/webp","filesize":2138,"url":"https:\/\/iktyos.se\/wp-content\/uploads\/2025\/12\/CSD-Regioner-300x170.webp"},"large":{"width":600,"height":340,"mime-type":"image\/webp","filesize":5044,"url":"https:\/\/iktyos.se\/wp-content\/uploads\/2025\/12\/CSD-Regioner-600x340.webp"},"thumbnail":{"width":150,"height":150,"mime-type":"image\/webp","filesize":1862,"url":"https:\/\/iktyos.se\/wp-content\/uploads\/2025\/12\/CSD-Regioner-150x150.webp"},"medium_large":{"width":768,"height":435,"mime-type":"image\/webp","filesize":7086,"url":"https:\/\/iktyos.se\/wp-content\/uploads\/2025\/12\/CSD-Regioner-768x435.webp"}}},"website":"https:\/\/csdsamverkan.se\/2.320310a816aa18e8d63ac.html","json_ld":{"@type":"Person","name":"Centrum f\u00f6r s\u00e4llsynta diagnoser (CSD)","description":"","image":"https:\/\/iktyos.se\/wp-content\/uploads\/2025\/12\/CSD-Regioner.webp","url":"https:\/\/csdsamverkan.se\/2.320310a816aa18e8d63ac.html","telephone":"","email":"","sameAs":"https:\/\/csdsamverkan.se\/2.320310a816aa18e8d63ac.html"},"global_id":"iktyos.se?id=1108","global_id_lineage":["iktyos.se?id=1108"]},{"id":1105,"author":"1","status":"publish","date":"2025-12-04 08:30:03","date_utc":"2025-12-04 08:30:03","modified":"2025-12-04 08:30:03","modified_utc":"2025-12-04 08:30:03","url":"https:\/\/iktyos.se\/?tribe_organizer=snaph-stockholms-natverk-for-aktion-psykisk-halsa","organizer":"SNAPH-Stockholms N\u00e4tverk F\u00f6r Aktion Psykisk H\u00e4lsa","description":"<div class=\"elementor-element elementor-element-2c676c47 elementor-widget elementor-widget-heading\" data-id=\"2c676c47\" data-element_type=\"widget\" data-widget_type=\"heading.default\">\n<div class=\"elementor-widget-container\">\n<h3 class=\"elementor-heading-title elementor-size-default\">Stockholms N\u00e4tverk Aktion Psykisk H\u00e4lsa \u2013 SNAPH<\/h3>\n<\/div>\n<\/div>\n<div class=\"elementor-element elementor-element-43c4ff8c elementor-widget elementor-widget-text-editor\" data-id=\"43c4ff8c\" data-element_type=\"widget\" data-widget_type=\"text-editor.default\">\n<div class=\"elementor-widget-container\">\n<p>SNAPH \u00e4r en samordningsfunktion f\u00f6r akt\u00f6rer inom Stockholmsregionen som erbjuder anh\u00f6rigst\u00f6d till f\u00f6rm\u00e5n f\u00f6r personer som lever n\u00e4ra psykisk oh\u00e4lsa. SNAPH v\u00e4lkomnar alla som p\u00e5 ett eller annat s\u00e4tt engagerar sig i m\u00e5lgruppen. I n\u00e4tverket ing\u00e5r aktiva f\u00f6reningsmedlemmar, anst\u00e4llda inom privat eller offentlig verksamhet, verksamma i trossamfund och studief\u00f6rbund.<\/p>\n<\/div>\n<\/div>","excerpt":"<a class=\"more-link\" href=\"\"><span class=\"more-msg\">L\u00e4s mer &rarr;<\/span><\/a>","slug":"snaph-stockholms-natverk-for-aktion-psykisk-halsa","website":"https:\/\/snaph.se\/","json_ld":{"@type":"Person","name":"SNAPH-Stockholms N\u00e4tverk F\u00f6r Aktion Psykisk H\u00e4lsa","description":"&lt;p&gt;Stockholms N\u00e4tverk Aktion Psykisk H\u00e4lsa \u2013 SNAPH SNAPH \u00e4r en samordningsfunktion f\u00f6r akt\u00f6rer inom Stockholmsregionen som erbjuder anh\u00f6rigst\u00f6d till f\u00f6rm\u00e5n f\u00f6r personer som lever n\u00e4ra psykisk oh\u00e4lsa. SNAPH v\u00e4lkomnar alla som p\u00e5 ett eller annat s\u00e4tt engagerar sig i m\u00e5lgruppen. &lt;span class=&quot;excerpt-dots&quot;&gt;&hellip;&lt;\/span&gt; &lt;a class=&quot;more-link&quot; href=&quot;https:\/\/iktyos.se\/?tribe_organizer=snaph-stockholms-natverk-for-aktion-psykisk-halsa&quot;&gt;&lt;span class=&quot;more-msg&quot;&gt;L\u00e4s mer &rarr;&lt;\/span&gt;&lt;\/a&gt;&lt;\/p&gt;\\n","url":"https:\/\/snaph.se\/","telephone":"","email":"","sameAs":"https:\/\/snaph.se\/"},"global_id":"iktyos.se?id=1105","global_id_lineage":["iktyos.se?id=1105"]}],"custom_fields":[],"json_ld":{"@context":"http:\/\/schema.org","@type":"Event","name":"V\u00e4lkomna till nationell s\u00e4llsynt f\u00f6r\u00e4ldragrupp","description":"&lt;p&gt;Varmt v\u00e4lkommen till den nationella digitala f\u00f6r\u00e4ldragruppen f\u00f6r f\u00f6r\u00e4ldrar som har barn med ett s\u00e4llsynt h\u00e4lsotillst\u00e5nd. SNAPH.SE Centrum F\u00f6r s\u00e4llsynta diagnoser (CSD) i Samverkan med Sveriges kommunala anh\u00f6rigsn\u00e4tverk (SKA) och Nka st\u00e5r bakom detta initiativ. Har du ett barn med &lt;span class=&quot;excerpt-dots&quot;&gt;&hellip;&lt;\/span&gt; &lt;a class=&quot;more-link&quot; href=&quot;https:\/\/iktyos.se\/?tribe_events=valkomna-till-nationell-sallsynt-foraldragrupp-2&quot;&gt;&lt;span class=&quot;more-msg&quot;&gt;L\u00e4s mer &rarr;&lt;\/span&gt;&lt;\/a&gt;&lt;\/p&gt;\\n","url":"https:\/\/iktyos.se\/?tribe_events=valkomna-till-nationell-sallsynt-foraldragrupp-2","eventAttendanceMode":"https:\/\/schema.org\/OfflineEventAttendanceMode","eventStatus":"https:\/\/schema.org\/EventScheduled","startDate":"2026-03-25T13:00:00+00:00","endDate":"2026-03-25T15:00:00+00:00","organizer":{"@type":"Person","name":"Centrum f\u00f6r s\u00e4llsynta diagnoser (CSD)","description":"","image":"https:\/\/iktyos.se\/wp-content\/uploads\/2025\/12\/CSD-Regioner.webp","url":"https:\/\/csdsamverkan.se\/2.320310a816aa18e8d63ac.html","telephone":"","email":"","sameAs":"https:\/\/csdsamverkan.se\/2.320310a816aa18e8d63ac.html"},"performer":"Organization"}}